{"id":811,"date":"2024-07-10T15:38:04","date_gmt":"2024-07-10T13:38:04","guid":{"rendered":"https:\/\/blog.fgo.ro\/?p=811"},"modified":"2025-02-19T17:55:20","modified_gmt":"2025-02-19T15:55:20","slug":"buletin-informativ-16-2024","status":"publish","type":"post","link":"https:\/\/www.fgo.ro\/blog\/buletin-informativ-16-2024\/","title":{"rendered":"BI 16\/2024: Practica elevilor \u0219i studen\u0163ilor"},"content":{"rendered":"<div class=\"wp-block-post-date\"><time datetime=\"2024-07-10T15:38:04+02:00\">10\/07\/2024<\/time><\/div>\n\n<div class=\"wp-block-post-author\"><div class=\"wp-block-post-author__avatar\"><img alt='' src='https:\/\/secure.gravatar.com\/avatar\/e82f2c3a815d502be7669919e815af0cc255f7281fbe5c149293517033fee54c?s=48&#038;d=mm&#038;r=g' srcset='https:\/\/secure.gravatar.com\/avatar\/e82f2c3a815d502be7669919e815af0cc255f7281fbe5c149293517033fee54c?s=96&#038;d=mm&#038;r=g 2x' class='avatar avatar-48 photo' height='48' width='48' \/><\/div><div class=\"wp-block-post-author__content\"><p class=\"wp-block-post-author__byline\">Expert Fiscal \u0219i Expert Legisla\u0163ia Muncii, acreditat UNELM<\/p><p class=\"wp-block-post-author__name\">Ana Florina Carp<\/p><\/div><\/div>\n\n\n<h2 class=\"wp-block-heading has-x-large-font-size\"><strong>Practica elevilor \u0219i studen\u0163ilor<\/strong><\/h2>\n\n\n\n<p>Practica elevilor\/studen\u0163ilor este reglementat\u01ce de Legea 258\/2007 \u0219i const\u01ce \u020bn activitatea desf\u0103\u015furat\u0103 de ace\u015ftia, \u00een conformitate cu planul de \u00eenv\u0103\u0163\u0103m\u00e2nt, av\u00e2nd drept scop verificarea aplicabilit\u0103\u0163ii cuno\u015ftin\u0163elor teoretice \u00eensu\u015fite de elevi \u0219i studen\u0163i \u00een cadrul programului de instruire.<\/p>\n\n\n\n<p class=\"has-primary-color has-text-color has-link-color wp-elements-2ca44630e301d3437a4b0f0225f51c97\"><strong>Practica elevilor \u0219i studen\u0163ilor<\/strong><\/p>\n\n\n\n<ul class=\"wp-block-list\">\n<li>se desf\u0103\u015foar\u0103 pe baza unei\/unui programe analitice\/portofoliu de practic\u0103, \u00eentocmit\u0103\/\u00eentocmit de institu\u0163ia de \u00eenv\u0103\u0163\u0103m\u00e2nt a practicantului;<\/li>\n\n\n\n<li>se poate desf\u01ce\u0219ura cu program s\u01cept\u01cem\u00e2nal sau cumulat, la sf\u00e2r\u0219it de semestru sau de an de studii, \u00een conformitate cu planul de \u00eenv\u0103\u0163\u0103m\u00e2nt.<\/li>\n\n\n\n<li>se organizeaz\u0103 \u015fi se desf\u0103\u015foar\u0103 pe baza unui <strong>contract-cadru de colaborare sau a unei conven\u0163ii<\/strong>, dup\u0103 caz, \u00eencheiat\u0103 \u00eentre organizator \u015fi partenerul de practic\u0103, <strong>anterior datei de \u020bnceput a stagiului de practic\u01ce<\/strong>. Pentru stagiile de practic\u01ce organizate \u020bn cadrul programelor de studii universitare de licen\u0163\u01ce \u0219i de masterat, Ordinul 3955\/2008 prevede modelul Conven\u0163iei cadru privind efectuarea acestor stagii de practic\u01ce.<\/li>\n\n\n\n<li>are o durat\u01ce prev\u01cezut\u01ce \u020bn planul de \u020bnv\u01ce\u0163\u01cem\u00e2nt.<\/li>\n<\/ul>\n\n\n\n<p class=\"has-primary-color has-text-color has-link-color wp-elements-4e49145e46b97f099eb2b4d61ed0229e\"><strong>Organizatorul de practic\u01ce:<\/strong><\/p>\n\n\n\n<ul class=\"wp-block-list\">\n<li>este unitatea sau institu\u0163ia de \u00eenv\u0103\u0163\u0103m\u00e2nt preuniversitar, respectiv universitar, care desf\u0103\u015foar\u0103 activit\u0103\u0163i instructiv-educative \u015fi formative;<\/li>\n\n\n\n<li>evalueaz\u01ce capacitatea partenerului de practic\u01ce din punct de vedere logistic, tehnic, tehnologic \u0219i organizatoric.<\/li>\n<\/ul>\n\n\n\n<p class=\"has-primary-color has-text-color has-link-color wp-elements-c99157be6f2a6b1dfd433cbd15c7b746\"><strong>Partenerul de practic\u01ce poate fi:<\/strong><\/p>\n\n\n\n<ul class=\"wp-block-list\">\n<li>o societate comercial\u0103 de drept public sau privat;<\/li>\n\n\n\n<li>o institu\u0163ie central\u0103 ori local\u0103, sau<\/li>\n\n\n\n<li>orice alt\u0103 persoan\u0103 juridic\u0103 ce desf\u0103\u015foar\u0103 o activitate \u00een corela\u0163ie cu specializ\u0103rile cuprinse \u00een nomenclatorul Ministerului Educa\u0163iei, Cercet\u0103rii \u015fi Tineretului \u015fi care poate participa la procesul de instruire practic\u0103 a studen\u0163ilor \u015fi elevilor.<\/li>\n<\/ul>\n\n\n\n<p><strong>Partenerul de practic\u01ce nu este obligat s\u01ce pl\u01ceteasc\u01ce practicantul.<\/strong> <\/p>\n\n\n\n<p>\u020an schimb, <strong>partenerul de practic\u01ce \u020bl poate angaja pe practicant<\/strong>, pe perioada de practic\u01ce, pe baza unui contract individual de munc\u01ce pe durat\u01ce determinat\u01ce, cu respectarea legisla\u0163iei \u020bn vigoare.<\/p>\n\n\n\n<p class=\"has-primary-color has-text-color has-link-color wp-elements-82aff19a3a14b99c204db0e6e4ca2eb0\"><strong>Partenerul de practic\u01ce are urm\u01cetoarele obliga\u0163ii:<\/strong><\/p>\n\n\n\n<ul class=\"wp-block-list\">\n<li><strong>de a-l instrui pe practicant<\/strong> cu privire la normele <strong>SSM si SU<\/strong>;<\/li>\n\n\n\n<li><strong>de a de\u0163ine o dotare corespunz\u0103toare<\/strong> &#8211; logistic\u0103, tehnic\u0103 \u015fi tehnologic\u0103 &#8211; necesar\u0103 valorific\u0103rii cuno\u015ftin\u0163elor teoretice primite de practicant \u00een cadrul procesului de instruire;<\/li>\n\n\n\n<li><strong>de a avea speciali\u015fti cu studii medii \u015fi superioare<\/strong> care s\u0103 coordoneze \u015fi s\u0103 participe la evaluarea desf\u0103\u015fur\u0103rii practicii elevilor \u015fi studen\u0163ilor;<\/li>\n\n\n\n<li>de a desf\u0103\u015fura programul de activitate astfel \u00eenc\u00e2t s\u0103 permit\u0103 realizarea activit\u0103\u0163ii de practic\u0103 a elevilor \u015fi studen\u0163ilor \u00een condi\u0163ii normale, f\u0103r\u0103 a se dep\u0103\u015fi ora 20,00;<\/li>\n\n\n\n<li><strong>de a desemna persoanele<\/strong> care se ocup\u0103 de \u00eendrumarea \u015fi urm\u0103rirea activit\u0103\u0163ii de practic\u0103 a elevilor \u015fi studen\u0163ilor;<\/li>\n\n\n\n<li><strong>de a \u020bntocmi prezen\u0163a<\/strong> elevului\/studentului la practic\u01ce;<\/li>\n\n\n\n<li>de a semnala unit\u01ce\u0163ii sau institu\u0163iei de \u020bnv\u01ce\u0163\u01cem\u00e2nt eventualele abateri privind prezen\u0163a practicantului la activitate;<\/li>\n\n\n\n<li>la sf\u00e2r\u015fitul activit\u0103\u0163ii de practic\u0103, \u00eempreun\u0103 cu organizatorul de practic\u0103, efectueaz\u0103 o evaluare a cuno\u015ftin\u0163elor practicantului, acord\u00e2ndu-i un calificativ. Evaluarea \u015fi notarea final\u0103 se realizeaz\u0103 la unitatea sau institu\u0163ia de \u00eenv\u0103\u0163\u0103m\u00e2nt a practicantului.<\/li>\n<\/ul>\n\n\n\n<p>Potrivit Codului Muncii, <strong>certificatul medical este obligatoriu<\/strong> \u0219i \u020bn situa\u0163ia practican\u0163ilor, elevilor \u0219i studen\u0163ilor, \u020bn situa\u0163ia \u020bn care urmeaz\u01ce s\u01ce fie instrui\u0163i pe meserii \u0219i profesii, precum \u0219i \u020bn situa\u0163ia schimb\u01cerii meseriei pe parcursul instruirii. Certificatul medical se ob\u0163ine anterior datei de \u020bnceput a stagiului de practic\u01ce.<\/p>\n\n\n\n<p class=\"has-primary-color has-text-color has-link-color wp-elements-90824765591ca28169aad0b47881140c\"><strong>Recomand ca partenerul de practic\u01ce<\/strong> <strong>s\u01ce includ\u01ce<\/strong> <strong>\u020bn<\/strong> <strong>dosarul practicantului cel pu\u0163in urm\u01cetoarele documente:<\/strong><\/p>\n\n\n\n<ul class=\"wp-block-list\">\n<li>Copie CI;<\/li>\n\n\n\n<li>Adeverin\u0163\u01ce de la unitatea sau institu\u0163ia de \u020bnv\u01ce\u0163\u01cem\u00e2nt;<\/li>\n\n\n\n<li>Contractul sau conven\u0163ia de practic\u01ce;<\/li>\n\n\n\n<li>Fi\u0219a de instruire cu privire la normele SSM \u0219i SU;<\/li>\n\n\n\n<li>Declara\u0163ia practicantului de luare la cuno\u0219tin\u0163\u01ce a prevederilor Regulamentului Intern al partenerului de practic\u01ce;<\/li>\n\n\n\n<li>Foaia\/Fi\u0219a\/Condica de prezen\u0163\u01ce;<\/li>\n\n\n\n<li>Adeverin\u0163a de efectuare a practicii;<\/li>\n\n\n\n<li>Fi\u0219a de evaluare privind perioada de practic\u01ce<\/li>\n<\/ul>\n\n\n\n<p class=\"has-primary-color has-text-color has-link-color wp-elements-d58bfe20bea7e8196173370bc32a1bf6\"><strong>Practican\u0163ii au urm\u01cetoarele obliga\u0163ii:<\/strong><\/p>\n\n\n\n<ul class=\"wp-block-list\">\n<li><strong>de a desf\u0103\u015fura activit\u0103\u0163i conform programei<\/strong> analitice\/portofoliului de practic\u0103, respect\u00e2nd durata \u015fi perioada impuse de unitatea sau de institu\u0163ia de \u00eenv\u0103\u0163\u0103m\u00e2nt de unde provin<\/li>\n\n\n\n<li><strong>de a respecta Regulamentul Intern al partenerului de practic\u01ce<\/strong>;<\/li>\n\n\n\n<li><strong>de a respecta normele SSM \u0219i SU<\/strong>, specific activit\u01ce\u0163ii desf\u01ce\u0219urate;<\/li>\n\n\n\n<li>d<strong>e a se prezenta la practic\u01ce<\/strong>.<\/li>\n<\/ul>\n\n\n\n<p class=\"has-cyan-bluish-gray-color has-text-color has-link-color wp-elements-0cb9ea4148e1fb333827bd8807605227\">Not\u0103: autorul nu este r\u0103spunz\u0103tor pentru nicio pierdere cauzat\u0103 vreunei persoane juridice sau fizice, care ac\u0163ioneaz\u0103 sau se ab\u0163ine de la ac\u0163iuni ca urmare a citirii informa\u0163iilor din acest acest buletin informativ.<\/p>\n","protected":false},"excerpt":{"rendered":"<p>Practica elevilor \u0219i studen\u0163ilor Practica elevilor\/studen\u0163ilor este reglementat\u01ce de Legea 258\/2007 \u0219i const\u01ce \u020bn activitatea desf\u0103\u015furat\u0103 de ace\u015ftia, \u00een conformitate cu planul de \u00eenv\u0103\u0163\u0103m\u00e2nt, av\u00e2nd drept scop verificarea aplicabilit\u0103\u0163ii cuno\u015ftin\u0163elor teoretice \u00eensu\u015fite de elevi \u0219i studen\u0163i \u00een cadrul programului de instruire. Practica elevilor \u0219i studen\u0163ilor Organizatorul de practic\u01ce: Partenerul de practic\u01ce poate fi: Partenerul de [&hellip;]<\/p>\n","protected":false},"author":3,"featured_media":371,"comment_status":"open","ping_status":"open","sticky":false,"template":"","format":"standard","meta":{"footnotes":""},"categories":[85],"tags":[189,190,188],"class_list":["post-811","post","type-post","status-publish","format-standard","has-post-thumbnail","hentry","category-legislativ","tag-practica-elevi","tag-practica-studenti","tag-stagiu-de-practica"],"jetpack_featured_media_url":"https:\/\/www.fgo.ro\/blog\/wp-content\/uploads\/2024\/03\/legislatie-buletin-informativ.png","_links":{"self":[{"href":"https:\/\/www.fgo.ro\/blog\/wp-json\/wp\/v2\/posts\/811","targetHints":{"allow":["GET"]}}],"collection":[{"href":"https:\/\/www.fgo.ro\/blog\/wp-json\/wp\/v2\/posts"}],"about":[{"href":"https:\/\/www.fgo.ro\/blog\/wp-json\/wp\/v2\/types\/post"}],"author":[{"embeddable":true,"href":"https:\/\/www.fgo.ro\/blog\/wp-json\/wp\/v2\/users\/3"}],"replies":[{"embeddable":true,"href":"https:\/\/www.fgo.ro\/blog\/wp-json\/wp\/v2\/comments?post=811"}],"version-history":[{"count":3,"href":"https:\/\/www.fgo.ro\/blog\/wp-json\/wp\/v2\/posts\/811\/revisions"}],"predecessor-version":[{"id":1101,"href":"https:\/\/www.fgo.ro\/blog\/wp-json\/wp\/v2\/posts\/811\/revisions\/1101"}],"wp:featuredmedia":[{"embeddable":true,"href":"https:\/\/www.fgo.ro\/blog\/wp-json\/wp\/v2\/media\/371"}],"wp:attachment":[{"href":"https:\/\/www.fgo.ro\/blog\/wp-json\/wp\/v2\/media?parent=811"}],"wp:term":[{"taxonomy":"category","embeddable":true,"href":"https:\/\/www.fgo.ro\/blog\/wp-json\/wp\/v2\/categories?post=811"},{"taxonomy":"post_tag","embeddable":true,"href":"https:\/\/www.fgo.ro\/blog\/wp-json\/wp\/v2\/tags?post=811"}],"curies":[{"name":"wp","href":"https:\/\/api.w.org\/{rel}","templated":true}]}}