{"id":366,"date":"2024-03-03T10:14:11","date_gmt":"2024-03-03T08:14:11","guid":{"rendered":"https:\/\/blog.fgo.ro\/?p=366"},"modified":"2025-02-05T12:18:34","modified_gmt":"2025-02-05T10:18:34","slug":"buletin-informativ-01-2024","status":"publish","type":"post","link":"https:\/\/www.fgo.ro\/blog\/buletin-informativ-01-2024\/","title":{"rendered":"Buletin informativ 01\/2024"},"content":{"rendered":"\n<div class=\"wp-block-group has-global-padding is-layout-constrained wp-block-group-is-layout-constrained\"><div class=\"wp-block-post-author\"><div class=\"wp-block-post-author__avatar\"><img alt='' src='https:\/\/secure.gravatar.com\/avatar\/e82f2c3a815d502be7669919e815af0cc255f7281fbe5c149293517033fee54c?s=48&#038;d=mm&#038;r=g' srcset='https:\/\/secure.gravatar.com\/avatar\/e82f2c3a815d502be7669919e815af0cc255f7281fbe5c149293517033fee54c?s=96&#038;d=mm&#038;r=g 2x' class='avatar avatar-48 photo' height='48' width='48' \/><\/div><div class=\"wp-block-post-author__content\"><p class=\"wp-block-post-author__byline\">Expert Legisla\u0163ia Muncii, acreditat UNELM, \u0219i Expert Fiscal<\/p><p class=\"wp-block-post-author__name\">Ana Florina Carp<\/p><\/div><\/div>\n\n<div class=\"wp-block-post-date\"><time datetime=\"2024-03-03T10:14:11+02:00\">03\/03\/2024<\/time><\/div><\/div>\n\n\n\n<h2 class=\"wp-block-heading\">8 Martie &#8211; beneficii neimpozitate pentru angajate<\/h2>\n\n\n\n<p class=\"has-pale-cyan-blue-background-color has-background\"><strong>Categorii de beneficii neimpozitate pe care le pot acorda angajatorii cu ocazia Zilei de 8 Martie<\/strong><\/p>\n\n\n\n<p>Cu ocazia Zilei de 8 Martie angajatorii pot acorda urm\u01cetoarele beneficii neimpozitate:<\/p>\n\n\n\n<ul class=\"wp-block-list\">\n<li>cadouri \u020bn bani<\/li>\n\n\n\n<li>cadouri \u020bn natur\u01ce<\/li>\n\n\n\n<li>tichete cadou<\/li>\n<\/ul>\n\n\n\n<p class=\"has-pale-cyan-blue-background-color has-background\"><strong>Regimul fiscal al beneficiilor acordate angajatelor de 8 Martie<\/strong><\/p>\n\n\n\n<p>Pentru aceste beneficii <strong>nu se pl\u01cetesc<\/strong>:<\/p>\n\n\n\n<ul class=\"wp-block-list\">\n<li>impozit pe venit<\/li>\n\n\n\n<li>CAS (contribu\u0163ia de asigur\u01ceri sociale)<\/li>\n\n\n\n<li>CASS (contribu\u0163ia de asigur\u01ceri sociale de s\u01cen\u01cetate)<\/li>\n\n\n\n<li>CAM (contribu\u0163ia asigur\u01cetorie pentru munc\u01ce)<\/li>\n<\/ul>\n\n\n\n<p class=\"has-pale-cyan-blue-background-color has-background\"><strong>Condi\u021bii de \u00eendeplinit pentru ca aceste beneficii s\u0103 fie supuse regimului fiscal de mai sus<\/strong><\/p>\n\n\n\n<p>Aceste beneficii suport\u01ce regimul fiscal de mai sus, dac\u01ce sunt \u020bndeplinite cumulativ urm\u01cetoarele condi\u0163ii:<\/p>\n\n\n\n<ul class=\"wp-block-list\">\n<li>se acord\u01ce cu ocazia Zilei de 8 Martie<\/li>\n\n\n\n<li>se acord\u01ce angajatelor<\/li>\n\n\n\n<li>au o valoare maxim\u01ce de 300 lei\/persoan\u01ce<\/li>\n\n\n\n<li>se acord\u01ce potrivit procedurii prev\u01cezute \u020bn Regulamentul Intern al angajatorului (RI), Contractul Colectiv de Munc\u01ce (CCM) sau Contractul Individual de Munc\u01ce (CIM).<\/li>\n<\/ul>\n\n\n\n<p class=\"has-pale-cyan-blue-background-color has-background\"><strong>Ce se \u020bnt\u00e2mpl\u01ce atunci c\u00e2nd valoarea acestor beneficii este mai mare de 300 lei\/persoan\u01ce?<\/strong><\/p>\n\n\n\n<p>\u020an situa\u0163ia \u020bn care angajatorii acord\u01ce, cu ocazia Zilei de 8 Martie, beneficii ce dep\u01ce\u0219esc valoarea de 300 lei\/persoan\u01ce, <strong>diferen\u0163a ce dep\u01ce\u0219e\u0219te 300 lei\/persoan\u01ce va suporta<\/strong>:<\/p>\n\n\n\n<ul class=\"wp-block-list\">\n<li>impozit pe venit<\/li>\n\n\n\n<li>CAS (contribu\u0163ia de asigur\u01ceri sociale)<\/li>\n\n\n\n<li>CASS (contribu\u0163ia de asigur\u01ceri sociale de s\u01cen\u01cetate)<\/li>\n\n\n\n<li>CAM (contribu\u0163ia asigur\u01cetorie pentru munc\u01ce)<\/li>\n<\/ul>\n\n\n\n<hr class=\"wp-block-separator has-alpha-channel-opacity\" \/>\n\n\n\n<p class=\"has-text-color has-link-color wp-elements-45079777c4d3d7dbe40f567395266920\" style=\"color:#7e8b96\"><small>Not\u0103: autorul nu este r\u0103spunz\u0103tor pentru nicio pierdere cauzat\u0103 vreunei persoane juridice sau fizice, care ac\u0163ioneaz\u0103 sau se ab\u0163ine de la ac\u0163iuni ca urmare a citirii informa\u0163iilor din acest buletin informativ.<\/small><\/p>\n","protected":false},"excerpt":{"rendered":"<p>8 Martie &#8211; beneficii neimpozitate pentru angajate.<br \/>\nCategorii de beneficii neimpozitate pe care le pot acorda angajatorii cu ocazia Zilei de 8 Martie, Regimul fiscal aplicabil \u0219i condi\u021biile necesare.<\/p>\n","protected":false},"author":3,"featured_media":371,"comment_status":"open","ping_status":"open","sticky":false,"template":"","format":"standard","meta":{"footnotes":""},"categories":[85],"tags":[88,87,86],"class_list":["post-366","post","type-post","status-publish","format-standard","has-post-thumbnail","hentry","category-legislativ","tag-beneficii-neimpozitate","tag-legislatie","tag-legislativ"],"jetpack_featured_media_url":"https:\/\/www.fgo.ro\/blog\/wp-content\/uploads\/2024\/03\/legislatie-buletin-informativ.png","_links":{"self":[{"href":"https:\/\/www.fgo.ro\/blog\/wp-json\/wp\/v2\/posts\/366","targetHints":{"allow":["GET"]}}],"collection":[{"href":"https:\/\/www.fgo.ro\/blog\/wp-json\/wp\/v2\/posts"}],"about":[{"href":"https:\/\/www.fgo.ro\/blog\/wp-json\/wp\/v2\/types\/post"}],"author":[{"embeddable":true,"href":"https:\/\/www.fgo.ro\/blog\/wp-json\/wp\/v2\/users\/3"}],"replies":[{"embeddable":true,"href":"https:\/\/www.fgo.ro\/blog\/wp-json\/wp\/v2\/comments?post=366"}],"version-history":[{"count":6,"href":"https:\/\/www.fgo.ro\/blog\/wp-json\/wp\/v2\/posts\/366\/revisions"}],"predecessor-version":[{"id":1032,"href":"https:\/\/www.fgo.ro\/blog\/wp-json\/wp\/v2\/posts\/366\/revisions\/1032"}],"wp:featuredmedia":[{"embeddable":true,"href":"https:\/\/www.fgo.ro\/blog\/wp-json\/wp\/v2\/media\/371"}],"wp:attachment":[{"href":"https:\/\/www.fgo.ro\/blog\/wp-json\/wp\/v2\/media?parent=366"}],"wp:term":[{"taxonomy":"category","embeddable":true,"href":"https:\/\/www.fgo.ro\/blog\/wp-json\/wp\/v2\/categories?post=366"},{"taxonomy":"post_tag","embeddable":true,"href":"https:\/\/www.fgo.ro\/blog\/wp-json\/wp\/v2\/tags?post=366"}],"curies":[{"name":"wp","href":"https:\/\/api.w.org\/{rel}","templated":true}]}}