{"id":1064,"date":"2025-02-18T12:54:28","date_gmt":"2025-02-18T10:54:28","guid":{"rendered":"https:\/\/blog.fgo.ro\/?p=1064"},"modified":"2025-02-18T12:55:12","modified_gmt":"2025-02-18T10:55:12","slug":"model-act-aditional","status":"publish","type":"post","link":"https:\/\/www.fgo.ro\/blog\/model-act-aditional\/","title":{"rendered":"Model Act adi\u0163ional"},"content":{"rendered":"<div class=\"wp-block-post-date\"><time datetime=\"2025-02-18T12:54:28+02:00\">18\/02\/2025<\/time><\/div>\n\n<div class=\"wp-block-post-author\"><div class=\"wp-block-post-author__avatar\"><img alt='' src='https:\/\/secure.gravatar.com\/avatar\/e82f2c3a815d502be7669919e815af0cc255f7281fbe5c149293517033fee54c?s=48&#038;d=mm&#038;r=g' srcset='https:\/\/secure.gravatar.com\/avatar\/e82f2c3a815d502be7669919e815af0cc255f7281fbe5c149293517033fee54c?s=96&#038;d=mm&#038;r=g 2x' class='avatar avatar-48 photo' height='48' width='48' \/><\/div><div class=\"wp-block-post-author__content\"><p class=\"wp-block-post-author__byline\">Expert Fiscal \u0219i Expert Legisla\u0163ia Muncii, acreditat UNELM<\/p><p class=\"wp-block-post-author__name\">Ana Florina Carp<\/p><\/div><\/div>\n\n\n<h2 class=\"wp-block-heading\"><strong>Act adi\u021bional privind majorarea salariului de baz\u0103 dup\u01ce 24 luni<\/strong> &#8211; <strong>model<\/strong><\/h2>\n\n\n\n<figure class=\"wp-block-image size-large\"><img loading=\"lazy\" decoding=\"async\" width=\"1024\" height=\"126\" src=\"https:\/\/blog.fgo.ro\/wp-content\/uploads\/2025\/02\/image-1024x126.png\" alt=\"\" class=\"wp-image-1066\" srcset=\"https:\/\/www.fgo.ro\/blog\/wp-content\/uploads\/2025\/02\/image-1024x126.png 1024w, https:\/\/www.fgo.ro\/blog\/wp-content\/uploads\/2025\/02\/image-300x37.png 300w, https:\/\/www.fgo.ro\/blog\/wp-content\/uploads\/2025\/02\/image-768x95.png 768w, https:\/\/www.fgo.ro\/blog\/wp-content\/uploads\/2025\/02\/image-1536x189.png 1536w, https:\/\/www.fgo.ro\/blog\/wp-content\/uploads\/2025\/02\/image-2048x253.png 2048w\" sizes=\"auto, (max-width: 1024px) 100vw, 1024px\" \/><\/figure>\n\n\n\n<p>Angajator <mark style=\"color:#91a6b2\" class=\"has-inline-color\">[[Nume Firma]]<\/mark><br>Sediul <mark style=\"color:#91a6b2\" class=\"has-inline-color\">[[Adresa Firma]]<\/mark><br>CIF <mark style=\"color:#91a6b2\" class=\"has-inline-color\">[[CUI Firma]]<\/mark><br>\u020anreg. \u020bn Reg. Com\/ autorit\u0103\u021bile administra\u021biei publice din jud. <mark style=\"color:#91a6b2\" class=\"has-inline-color\">[[Judet Firma]]<\/mark> cu nr. <mark style=\"color:#91a6b2\" class=\"has-inline-color\">[[Nr Reg Comert Firma]]<\/mark><br>Tel. <mark style=\"color:#91a6b2\" class=\"has-inline-color\">[[Telefon Firma]]<\/mark><\/p>\n\n\n\n<p class=\"has-text-align-center\"><strong>ACT ADI\u0162IONAL NR. <mark style=\"color:#91a6b2\" class=\"has-inline-color\">[[Nr Act Aditional]]<\/mark> din data de <mark style=\"color:#91a6b2\" class=\"has-inline-color\">[[Data Act Aditional]]<\/mark><\/strong><br>la contractul individual de munc\u01ce \u00eenregistrat \u00een registrul general de eviden\u021b\u0103 a salaria\u021bilor cu nr. <mark style=\"color:#91a6b2\" class=\"has-inline-color\">[[Numar Contract]]<\/mark> din data de <mark style=\"color:#91a6b2\" class=\"has-inline-color\">[[Data Contract]]<\/mark><\/p>\n\n\n\n<p>I. P\u0103r\u021bile contractului<br>1.1. Angajator &#8211; persoana juridic\u0103 <mark style=\"color:#91a6b2\" class=\"has-inline-color\">[[Nume Firma]]<\/mark> cu sediul social \u00een <mark style=\"color:#91a6b2\" class=\"has-inline-color\">[[Adresa Firma]]<\/mark>, \u00eenregistrat\u0103 la registrul comer\u021bului\/autorit\u0103\u021bile administra\u021biei publice din jud.<mark style=\"color:#91a6b2\" class=\"has-inline-color\">[[Judet Firma]]<\/mark> cu nr. <mark style=\"color:#91a6b2\" class=\"has-inline-color\">[[Nr Reg Comert Firma]]<\/mark> cod fiscal <mark style=\"color:#91a6b2\" class=\"has-inline-color\">[[CUI Firma]]<\/mark>, telefon <mark style=\"color:#91a6b2\" class=\"has-inline-color\">[[Telefon Firma]]<\/mark>, e-mail <mark style=\"color:#91a6b2\" class=\"has-inline-color\">[[Mail Firma]]<\/mark>, reprezentat\u0103 legal prin domnul\/doamna <mark style=\"color:#91a6b2\" class=\"has-inline-color\">[[Reprezentant Firma]]<\/mark> \u00een calitate de administrator,<br>\u0219i<br>1.2. Salariatul\/salariata \u2014 domnul\/doamna <mark style=\"color:#91a6b2\" class=\"has-inline-color\">[[Nume Salariat]]<\/mark>, CNP <mark style=\"color:#91a6b2\" class=\"has-inline-color\">[[CNP Salariat]]<\/mark>,<\/p>\n\n\n\n<p>Av\u00e2nd \u020bn vedere art. 164 alin.(8) din Codul Muncii, potrivit c\u01ceruia: \u201cSalariul de baz\u0103 minim brut pe \u0163ar\u0103 garantat \u00een plat\u0103 stabilit prin hot\u0103r\u00e2re a Guvernului poate fi acordat unui salariat pentru o perioad\u0103 de maximum 24 de luni, de la data \u00eencheierii contractului individual de munc\u0103. Dup\u0103 expirarea perioadei respective salariatului i se acord\u0103 un salariu de baz\u0103 superior salariului de baz\u0103 minim brut pe \u0163ar\u0103 garantat \u00een plat\u0103.\u201d<br>Av\u00e2nd \u020bn vedere Informarea din data de <mark style=\"color:#91a6b2\" class=\"has-inline-color\">[[Data Informare]]<\/mark>, prin care angajatorul <mark style=\"color:#91a6b2\" class=\"has-inline-color\">[[Nume Firma]]<\/mark> a propus salariatului\/salariatei <mark style=\"color:#91a6b2\" class=\"has-inline-color\">[[Nume Salariat]]<\/mark> modificarea salariului de baz\u01ce brut din contractul individual de munc\u01ce nr. <mark style=\"color:#91a6b2\" class=\"has-inline-color\">[[Numar contract]]<\/mark> din data de <mark style=\"color:#91a6b2\" class=\"has-inline-color\">[[Data Contract]]<\/mark>,<br>Av\u00e2nd \u020bn vedere acordul salariatului\/salariatei <mark style=\"color:#91a6b2\" class=\"has-inline-color\">[[Nume Salariat]]<\/mark> cu privire la propunerea angajatorului <mark style=\"color:#91a6b2\" class=\"has-inline-color\">[[Nume Firma]]<\/mark> de modificare a salariului de baz\u01ce brut, exprimat \u0219i comunicat angajatorului <mark style=\"color:#91a6b2\" class=\"has-inline-color\">[[Nume Firma]]<\/mark> \u020bn data de <mark style=\"color:#91a6b2\" class=\"has-inline-color\">[[data comunicare raspuns]]<\/mark>,<\/p>\n\n\n\n<p class=\"has-text-align-left\">\u00cen temeiul art. 17 alin. (5), coroborat cu art. 41 alin. (1) din Legea nr. 53 \/ 2003 \u2013 Codul Muncii,<\/p>\n\n\n\n<p class=\"has-text-align-center\"><strong>P\u0102R\u021aILE HOT\u0102R\u0102SC de comun acord:<\/strong><\/p>\n\n\n\n<p>Art.1. De la data de <mark style=\"color:#91a6b2\" class=\"has-inline-color\">[[Data Modificare CIM]]<\/mark> se modific\u01ce art. <mark style=\"color:#91a6b2\" class=\"has-inline-color\">[[Nr articol din cim]]<\/mark> al capitolului <mark style=\"color:#91a6b2\" class=\"has-inline-color\">[[Nr capitol din cim]]<\/mark>.Salariul din contractul individual de munc\u01ce nr.<mark style=\"color:#91a6b2\" class=\"has-inline-color\">[[Numar Contract]]<\/mark> din data de <mark style=\"color:#91a6b2\" class=\"has-inline-color\">[[Data Contract]]<\/mark> a\/al salariatului\/salariatei <mark style=\"color:#91a6b2\" class=\"has-inline-color\">[[Nume Salariat]]<\/mark>, articol ce va avea urm\u01cetorul con\u0163inut:<br>\u201cArt. <mark style=\"color:#91a6b2\" class=\"has-inline-color\">[[Nr articol din cim]]<\/mark>.Salariul de baz\u0103 lunar brut: <mark style=\"color:#91a6b2\" class=\"has-inline-color\">[[Salariu Baza Lunar Brut]]<\/mark> lei.\u201d<br>Art.2. Celelalte clauze r\u01cem\u00e2n neschimbate.<\/p>\n\n\n\n<p>Prezentul act aditional a fost \u00eencheiat astazi <mark style=\"color:#91a6b2\" class=\"has-inline-color\">[[Data Act Aditional]]<\/mark> \u00een dou\u0103 exemplare originale, c\u00e2te unul pentru fiecare parte, \u0219i produce efecte de la data de <mark style=\"color:#91a6b2\" class=\"has-inline-color\">[[Data Modificare CIM]]<\/mark>.<\/p>\n\n\n\n<p>Angajator,                                                                               Salariat,<br><mark style=\"color:#91a6b2\" class=\"has-inline-color\">[[Nume Firma]]<\/mark>                                                               <mark style=\"color:#91a6b2\" class=\"has-inline-color\">[[Nume Salariat]]<\/mark><br>Reprezentant legal,                                                        Semnatur\u01ce \u2026\u2026&#8230;..<br><mark style=\"color:#91a6b2\" class=\"has-inline-color\">[[Reprezentant Firma]]<\/mark><br>Semn\u0103tura \u2026\u2026\u2026\u2026\u2026                                                        <\/p>\n\n\n\n<p>Subsemnatul\/Subsemnata <mark style=\"color:#91a6b2\" class=\"has-inline-color\">[[Nume Salariat]]<\/mark> declar c\u0103 am primit un exemplar original al prezentului act adi\u0163ional, ast\u01cezi <mark style=\"color:#91a6b2\" class=\"has-inline-color\">[[Data primire document]]<\/mark>. Semn\u01cetur\u01ce \u2026\u2026\u2026\u2026\u2026\u2026\u2026\u2026\u2026.. .<\/p>\n\n\n\n<p class=\"has-cyan-bluish-gray-color has-text-color has-link-color wp-elements-d4db4ffe419e1fe39f32e19e8abb5e39\">Not\u0103: Acest model de document este oferit cu titlu informativ \u0219i nu constituie consultan\u021b\u0103 juridic\u0103. FGO nu \u00ee\u0219i asum\u0103 nicio responsabilitate pentru utilizarea sa \u0219i pentru nicio posibil\u0103 pierdere cauzat\u0103 vreunei persoane juridice sau fizice, care ac\u0163ioneaz\u0103 sau se ab\u0163ine de la ac\u0163iuni ca urmare a citirii informa\u0163iilor din acest material. FGO recomand\u0103 consultarea unui specialist \u00eenainte de aplicare.<\/p>\n\n\n\n<p class=\"has-cyan-bluish-gray-color has-text-color has-link-color wp-elements-9dab8b0982b8881b49654333e2da7c6c\">Tot con\u021binutul este protejat de drepturile de autor FGO. Nu este permis\u0103 distribuirea sau comercializarea acestuia f\u0103r\u0103 acordul scris al FGO.<\/p>\n\n\n\n<p><\/p>\n","protected":false},"excerpt":{"rendered":"<p>Act adi\u021bional privind majorarea salariului de baz\u0103 dup\u01ce 24 luni &#8211; model Angajator [[Nume Firma]]Sediul [[Adresa Firma]]CIF [[CUI Firma]]\u020anreg. \u020bn Reg. Com\/ autorit\u0103\u021bile administra\u021biei publice din jud. [[Judet Firma]] cu nr. [[Nr Reg Comert Firma]]Tel. [[Telefon Firma]] ACT ADI\u0162IONAL NR. [[Nr Act Aditional]] din data de [[Data Act Aditional]]la contractul individual de munc\u01ce \u00eenregistrat \u00een [&hellip;]<\/p>\n","protected":false},"author":3,"featured_media":1034,"comment_status":"open","ping_status":"open","sticky":false,"template":"","format":"standard","meta":{"footnotes":""},"categories":[85],"tags":[280,282,279,277],"class_list":["post-1064","post","type-post","status-publish","format-standard","has-post-thumbnail","hentry","category-legislativ","tag-act-aditional-majorare-salariu","tag-majorare-salariu-dupa-24-de-luni","tag-model-act-aditional","tag-model-document"],"jetpack_featured_media_url":"https:\/\/www.fgo.ro\/blog\/wp-content\/uploads\/2025\/02\/FGO-model-document.png","_links":{"self":[{"href":"https:\/\/www.fgo.ro\/blog\/wp-json\/wp\/v2\/posts\/1064","targetHints":{"allow":["GET"]}}],"collection":[{"href":"https:\/\/www.fgo.ro\/blog\/wp-json\/wp\/v2\/posts"}],"about":[{"href":"https:\/\/www.fgo.ro\/blog\/wp-json\/wp\/v2\/types\/post"}],"author":[{"embeddable":true,"href":"https:\/\/www.fgo.ro\/blog\/wp-json\/wp\/v2\/users\/3"}],"replies":[{"embeddable":true,"href":"https:\/\/www.fgo.ro\/blog\/wp-json\/wp\/v2\/comments?post=1064"}],"version-history":[{"count":12,"href":"https:\/\/www.fgo.ro\/blog\/wp-json\/wp\/v2\/posts\/1064\/revisions"}],"predecessor-version":[{"id":1078,"href":"https:\/\/www.fgo.ro\/blog\/wp-json\/wp\/v2\/posts\/1064\/revisions\/1078"}],"wp:featuredmedia":[{"embeddable":true,"href":"https:\/\/www.fgo.ro\/blog\/wp-json\/wp\/v2\/media\/1034"}],"wp:attachment":[{"href":"https:\/\/www.fgo.ro\/blog\/wp-json\/wp\/v2\/media?parent=1064"}],"wp:term":[{"taxonomy":"category","embeddable":true,"href":"https:\/\/www.fgo.ro\/blog\/wp-json\/wp\/v2\/categories?post=1064"},{"taxonomy":"post_tag","embeddable":true,"href":"https:\/\/www.fgo.ro\/blog\/wp-json\/wp\/v2\/tags?post=1064"}],"curies":[{"name":"wp","href":"https:\/\/api.w.org\/{rel}","templated":true}]}}